{"id":1314,"date":"2026-09-04T21:56:42","date_gmt":"2026-09-04T19:56:42","guid":{"rendered":"https:\/\/sceau-archives-ovni.org\/?p=1314"},"modified":"2026-09-04T22:03:48","modified_gmt":"2026-09-04T20:03:48","slug":"ovnis-brics-et-geopolitique","status":"publish","type":"post","link":"https:\/\/sceau-archives-ovni.org\/?p=1314&lang=fr","title":{"rendered":"Ovnis, BRICS et g\u00e9opolitique [19 septembre 2026]"},"content":{"rendered":"\n<p>\u00c0 l\u2019initiative d\u2019UAP Afrique, un colloque in\u00e9dit se tiendra le 19 septembre 2026 \u00e0 Massy &nbsp;(Station Atlante, 20 rue Amp\u00e8re, juste apr\u00e8s le 16 bis). <br>\u00ab <strong>Ovnis, BRICS et g\u00e9opolitique<\/strong> \u00bb seront au menu de cette journ\u00e9e de d\u00e9bats et de rencontres.<br>Le SCEAU est partenaire. Notre biblioth\u00e8que ambulante y sera.<br>Vous trouverez les d\u00e9tails du programme dans ces quelques articles de presse : <\/p>\n\n\n\n<p><a href=\"https:\/\/www.parismatch.com\/actu\/international\/geopolitique-des-ovnis-asie-afrique-russie-les-brics-se-penchent-sur-les-phenomenes-aeriens-non-identifies-274820\">G\u00e9opolitique des ovnis : Asie, Afrique, Russie\u2026 Les BRICS se penchent sur les ph\u00e9nom\u00e8nes a\u00e9riens non-identifi\u00e9s<\/a> [Paris Match]<\/p>\n\n\n\n<p><a href=\"https:\/\/bellaciao.org\/OVNIS-BRICS-et-geopolitique-quand-le-Sud-global-refuse-de-laisser-l-Occident\">OVNIS, BRICS et g\u00e9opolitique : quand le Sud global refuse de laisser l\u2019Occident monopoliser le ciel &#8211; <\/a>[bellaciao.org]<\/p>\n\n\n\n<p><a href=\"https:\/\/francofony.blogspot.com\/2026\/08\/quand-les-ciels-des-brics-souvrent-massy.html\">Quand les ciels des BRICS s\u2019ouvrent \u00e0 Massy<\/a> [FRANCOFONY]<\/p>\n\n\n\n<p><a href=\"https:\/\/www.paris.fr\/evenements\/colloque-ovnis-brics-et-geopolitique-le-19-septembre-123054\">Colloque &lsquo;Ovnis, Brics et G\u00e9opolitique&rsquo; le 19 &#8211; Ville de Paris<\/a> [paris.fr]<\/p>\n\n\n\n<p><\/p>\n\n\n\n<figure class=\"wp-block-image size-large is-resized is-style-default\"><img loading=\"lazy\" src=\"https:\/\/sceau-archives-ovni.org\/wp\/wp-content\/uploads\/2026\/09\/affiche_colloque_massy_19_septembre-overlay-687x1024.png\" alt=\"\" class=\"wp-image-1315\" width=\"515\" height=\"768\" srcset=\"https:\/\/sceau-archives-ovni.org\/wp\/wp-content\/uploads\/2026\/09\/affiche_colloque_massy_19_septembre-overlay-687x1024.png 687w, https:\/\/sceau-archives-ovni.org\/wp\/wp-content\/uploads\/2026\/09\/affiche_colloque_massy_19_septembre-overlay-201x300.png 201w, https:\/\/sceau-archives-ovni.org\/wp\/wp-content\/uploads\/2026\/09\/affiche_colloque_massy_19_septembre-overlay-768x1144.png 768w, https:\/\/sceau-archives-ovni.org\/wp\/wp-content\/uploads\/2026\/09\/affiche_colloque_massy_19_septembre-overlay.png 784w\" sizes=\"(max-width: 515px) 100vw, 515px\" \/><\/figure>\n","protected":false},"excerpt":{"rendered":"<p>\u00c0 l\u2019initiative d\u2019UAP Afrique, un colloque in\u00e9dit se tiendra le 19 septembre 2026 \u00e0 Massy &nbsp;(Station Atlante, 20 rue Amp\u00e8re, juste apr\u00e8s le 16 bis). \u00ab Ovnis, BRICS et g\u00e9opolitique \u00bb seront au menu de cette journ\u00e9e de d\u00e9bats et de rencontres.Le SCEAU est partenaire. Notre biblioth\u00e8que ambulante y sera.Vous trouverez les d\u00e9tails du programme &hellip; <a href=\"https:\/\/sceau-archives-ovni.org\/?p=1314&#038;lang=fr\" class=\"more-link\">Continuer la lecture de <span class=\"screen-reader-text\">Ovnis, BRICS et g\u00e9opolitique [19 septembre 2026]<\/span>  <span class=\"meta-nav\">&rarr;<\/span><\/a><\/p>\n","protected":false},"author":1,"featured_media":1315,"comment_status":"closed","ping_status":"open","sticky":true,"template":"","format":"standard","meta":{"ngg_post_thumbnail":0},"categories":[10],"tags":[],"_links":{"self":[{"href":"https:\/\/sceau-archives-ovni.org\/index.php?rest_route=\/wp\/v2\/posts\/1314"}],"collection":[{"href":"https:\/\/sceau-archives-ovni.org\/index.php?rest_route=\/wp\/v2\/posts"}],"about":[{"href":"https:\/\/sceau-archives-ovni.org\/index.php?rest_route=\/wp\/v2\/types\/post"}],"author":[{"embeddable":true,"href":"https:\/\/sceau-archives-ovni.org\/index.php?rest_route=\/wp\/v2\/users\/1"}],"replies":[{"embeddable":true,"href":"https:\/\/sceau-archives-ovni.org\/index.php?rest_route=%2Fwp%2Fv2%2Fcomments&post=1314"}],"version-history":[{"count":5,"href":"https:\/\/sceau-archives-ovni.org\/index.php?rest_route=\/wp\/v2\/posts\/1314\/revisions"}],"predecessor-version":[{"id":1321,"href":"https:\/\/sceau-archives-ovni.org\/index.php?rest_route=\/wp\/v2\/posts\/1314\/revisions\/1321"}],"wp:featuredmedia":[{"embeddable":true,"href":"https:\/\/sceau-archives-ovni.org\/index.php?rest_route=\/wp\/v2\/media\/1315"}],"wp:attachment":[{"href":"https:\/\/sceau-archives-ovni.org\/index.php?rest_route=%2Fwp%2Fv2%2Fmedia&parent=1314"}],"wp:term":[{"taxonomy":"category","embeddable":true,"href":"https:\/\/sceau-archives-ovni.org\/index.php?rest_route=%2Fwp%2Fv2%2Fcategories&post=1314"},{"taxonomy":"post_tag","embeddable":true,"href":"https:\/\/sceau-archives-ovni.org\/index.php?rest_route=%2Fwp%2Fv2%2Ftags&post=1314"}],"curies":[{"name":"wp","href":"https:\/\/api.w.org\/{rel}","templated":true}]}}